{"id":11022,"date":"2019-05-19T14:28:36","date_gmt":"2019-05-19T14:28:36","guid":{"rendered":"https:\/\/tinostone.com\/es\/?p=11022"},"modified":"2023-12-18T11:52:39","modified_gmt":"2023-12-18T11:52:39","slug":"entrevista-al-arquitecto-ismael-merida","status":"publish","type":"post","link":"https:\/\/tinostone.com\/es\/entrevista-al-arquitecto-ismael-merida\/","title":{"rendered":"Entrevista al arquitecto Ismael M\u00e9rida"},"content":{"rendered":"<div class=\"fusion-fullwidth fullwidth-box fusion-builder-row-1 fusion-flex-container nonhundred-percent-fullwidth non-hundred-percent-height-scrolling\" style=\"--awb-border-radius-top-left:0px;--awb-border-radius-top-right:0px;--awb-border-radius-bottom-right:0px;--awb-border-radius-bottom-left:0px;--awb-flex-wrap:wrap;\" ><div class=\"fusion-builder-row fusion-row fusion-flex-align-items-flex-start fusion-flex-content-wrap\" style=\"max-width:1248px;margin-left: calc(-4% \/ 2 );margin-right: calc(-4% \/ 2 );\"><div class=\"fusion-layout-column fusion_builder_column fusion-builder-column-0 fusion_builder_column_1_1 1_1 fusion-flex-column\" style=\"--awb-bg-size:cover;--awb-width-large:100%;--awb-margin-top-large:0px;--awb-spacing-right-large:1.92%;--awb-margin-bottom-large:0px;--awb-spacing-left-large:1.92%;--awb-width-medium:100%;--awb-spacing-right-medium:1.92%;--awb-spacing-left-medium:1.92%;--awb-width-small:100%;--awb-spacing-right-small:1.92%;--awb-spacing-left-small:1.92%;\"><div class=\"fusion-column-wrapper fusion-flex-justify-content-flex-start fusion-content-layout-column\"><div class=\"fusion-text fusion-text-1\"><p>El estudio de arquitectura <a href=\"https:\/\/www.ismaelmerida.com\/\">Ismael M\u00e9rida Arquitectos<\/a> fue creado en 1.996 por Ismael M\u00e9rida y tiene su sede en Marbella. Hoy hablamos con su fundador. El despacho cuenta con un equipo multidisciplinar que engloba todos los campos de la arquitectura. Su actividad se desarrolla principalmente en la Costa del Sol y cuenta con proyectos repartidos por la geograf\u00eda espa\u00f1ola, Lisboa, Casablanca, T\u00e1nger, Republica Dominicana&#8230;.<\/p>\n<p>Destaca su Arquitectura de autor, encaminada a aquellos clientes comprometidos con el dise\u00f1o, que demandan proyectos personalizados y donde la espacialidad y los nuevos materiales est\u00e9n al servicio de la vanguardia.<\/p>\n<h5 data-fontsize=\"20\" style=\"--fontSize: 20; line-height: 1.2; --minFontSize: 20;\" data-lineheight=\"24px\" class=\"fusion-responsive-typography-calculated\"><span style=\"color: #ff0000;\">+<\/span> En tu web se lee \u201cun buen proyecto no es aquel que deslumbra nuestro ego, sino aquel en el cual entendimos su sue\u00f1o\u201d. \u00bfCu\u00e1l es la clave para entender los sue\u00f1os de los clientes?<\/h5>\n<p>Escuchar, escuchar\u2026. Y so\u00f1ar con \u00e9l.  S\u00ed, ya se que los creadores tenemos un Ego incre\u00edble y queremos demostrarle a nuestros clientes que tenemos las respuestas, pero \u00e9stas llegan del di\u00e1logo, de sentir lo que es realmente mas adecuado en cada ocasi\u00f3n, observando\u2026<\/p>\n<p style=\"text-align: center; \"><img loading=\"lazy\" decoding=\"async\" width=\"707\" height=\"400\" src=\"https:\/\/tinostone.com\/wp-content\/uploads\/2019\/05\/Ismael_merida_la_cerquilla.jpg\" class=\"vc_single_image-img attachment-large\" alt=\"Villa La Cerquilla - \u00a9 Ismael M\u00e9rida\" title=\"Villa La Cerquilla - \u00a9 Ismael M\u00e9rida\" srcset=\"https:\/\/tinostone.com\/wp-content\/uploads\/2019\/05\/Ismael_merida_la_cerquilla.jpg 707w, https:\/\/tinostone.com\/wp-content\/uploads\/2019\/05\/Ismael_merida_la_cerquilla-300x170.jpg 300w\" sizes=\"auto, (max-width: 707px) 100vw, 707px\"><\/p>\n<h5 data-fontsize=\"20\" style=\"--fontSize: 20; line-height: 1.2; --minFontSize: 20;\" data-lineheight=\"24px\" class=\"fusion-responsive-typography-calculated\"><strong><span style=\"color: #ff0000;\">+<\/span> El agua es un elemento fundamental en los proyectos de tu estudio. \u00bfPor qu\u00e9?<\/strong><\/h5>\n<p>Es la VIDA. Nuestra cultura ha estado ligada hist\u00f3ricamente a ella, y vivimos con su influencia. Es la representaci\u00f3n de la alegr\u00eda, el color, la frescura\u2026 \u00bfQui\u00e9n no sonr\u00ede o se evade al pasar junto a un estanque de agua en movimiento ?<\/p>\n<h5 data-fontsize=\"20\" style=\"--fontSize: 20; line-height: 1.2; --minFontSize: 20;\" data-lineheight=\"24px\" class=\"fusion-responsive-typography-calculated\"><span style=\"color: #ff0000;\">+<\/span> Tu portfolio agrupa los trabajos realizados en cinco bloques: De autor, Vivienda colectiva, Vivienda unifamiliar, Ocio y servicios e Interiorismo y paisajismo. \u00bfC\u00f3mo se estructura un equipo de profesionales para abarcar todo esto?<\/h5>\n<p>Es cierto. No es habitual que un estudio abarque casi todos estos campos porque requieren de mucha experiencia y especializaci\u00f3n en cada uno de ellos, pero eso es precisamente lo atractivo. Implica una sobrecarga de trabajo y un <em>know-how<\/em> m\u00e1s amplio y con mayor conocimiento de tecnolog\u00edas, normativas, conocimientos de mercado, etc.  Pero tambi\u00e9n hace nuestro trabajo mucho mas interesante porque no nos enclaustra en un modelo, no entramos en rutina\u2026  El propio equipo de arquitectos y delineantes va rotando y la imaginaci\u00f3n fluye, la concentraci\u00f3n est\u00e1 presente.<\/p>\n<p style=\"text-align: center;\"><img loading=\"lazy\" decoding=\"async\" width=\"400\" height=\"90\" src=\"https:\/\/tinostone.com\/wp-content\/uploads\/2019\/05\/firma_ismael_merida.png\" class=\"vc_single_image-img attachment-large\" alt=\"\" title=\"firma_ismael_merida\" srcset=\"https:\/\/tinostone.com\/wp-content\/uploads\/2019\/05\/firma_ismael_merida.png 400w, https:\/\/tinostone.com\/wp-content\/uploads\/2019\/05\/firma_ismael_merida-300x68.png 300w\" sizes=\"auto, (max-width: 400px) 100vw, 400px\"><\/p>\n<h5 data-fontsize=\"20\" style=\"--fontSize: 20; line-height: 1.2; --minFontSize: 20;\" data-lineheight=\"24px\" class=\"fusion-responsive-typography-calculated\"><span style=\"color: #ff0000;\">+<\/span> \u00bfC\u00f3mo son tus proyectos de autor? \u00bfPodr\u00edas ponernos un ejemplo?<\/h5>\n<p>Hoy, en un proyecto de viviendas plurifamiliar, evit\u00e1bamos caer en el prototipo de bloques con zonas comunes ajardiandas. Planteamos crear una piscina en una estructura colgada a modo de puente entre los dos edificios de viviendas, debajo 10 metros de altura: un jard\u00edn vertical.<\/p>\n<p>La inspiraci\u00f3n, te reir\u00edas, vino de una pel\u00edcula muy antigua.<\/p>\n<p><img loading=\"lazy\" decoding=\"async\" width=\"1000\" height=\"508\" src=\"https:\/\/tinostone.com\/wp-content\/uploads\/2019\/05\/Ismael_merida_sierra_blanca.jpg\" class=\"vc_single_image-img attachment-large\" alt=\"Villa Sierra Blanca - \u00a9 Ismael M\u00e9rida\" title=\"Villa Sierra Blanca - \u00a9 Ismael M\u00e9rida\" srcset=\"https:\/\/tinostone.com\/wp-content\/uploads\/2019\/05\/Ismael_merida_sierra_blanca.jpg 1000w, https:\/\/tinostone.com\/wp-content\/uploads\/2019\/05\/Ismael_merida_sierra_blanca-300x152.jpg 300w, https:\/\/tinostone.com\/wp-content\/uploads\/2019\/05\/Ismael_merida_sierra_blanca-768x390.jpg 768w\" sizes=\"auto, (max-width: 1000px) 100vw, 1000px\"><\/p>\n<h5 data-fontsize=\"20\" style=\"--fontSize: 20; line-height: 1.2; --minFontSize: 20;\" data-lineheight=\"24px\" class=\"fusion-responsive-typography-calculated\"><span style=\"color: #ff0000;\">+<\/span> Tambi\u00e9n tienes una importante colecci\u00f3n de proyectos de ocio y servicios. Dado que tu estudio est\u00e1 en Marbella, \u00bfpodr\u00edas decirnos qu\u00e9 implicaciones tiene proyectar edificios de ocio en una cuidad como esta?<\/h5>\n<p>\u00a1Es divertid\u00edsimo! Cuando proyectamos un club, un restaurante\u2026 piensas en el cliente de alto standing que lo disfrutar\u00e1, sus h\u00e1bitos, lo que le atrae, lo que lo puede convertir en convencionalmente aburrido. Empiezas a fijarte en cada cosa a tu alrededor cuando sales por ah\u00ed, de d\u00eda o de noche.  \u00a1Hay que salir y vivir el ocio para poder proyectarlo!<\/p>\n<h5 data-fontsize=\"20\" style=\"--fontSize: 20; line-height: 1.2; --minFontSize: 20;\" data-lineheight=\"24px\" class=\"fusion-responsive-typography-calculated\"><strong><span style=\"color: #ff0000;\">+<\/span> \u00bfEn qu\u00e9 est\u00e1s trabajando actualmente?<\/strong><\/h5>\n<p>Trabajos muy variados:  me gusta mucho una urbanizaci\u00f3n privada de villas que estamos proyectando en Ibiza; una promoci\u00f3n de viviendas en ciudad jard\u00edn y villas en el Higuer\u00f3n, donde nos han dado libertad total, o  casi, pero habr\u00e1 que aprovecharla.<\/p>\n<p style=\"text-align: center; \"><img loading=\"lazy\" decoding=\"async\" width=\"708\" height=\"400\" src=\"https:\/\/tinostone.com\/wp-content\/uploads\/2019\/05\/Ismael_merida_la_cerquilla2.jpg\" class=\"vc_single_image-img attachment-large\" alt=\"Villa La Cerquilla - \u00a9 Ismael M\u00e9rida\" title=\"Villa La Cerquilla - \u00a9 Ismael M\u00e9rida\" srcset=\"https:\/\/tinostone.com\/wp-content\/uploads\/2019\/05\/Ismael_merida_la_cerquilla2.jpg 708w, https:\/\/tinostone.com\/wp-content\/uploads\/2019\/05\/Ismael_merida_la_cerquilla2-300x169.jpg 300w\" sizes=\"auto, (max-width: 708px) 100vw, 708px\"><\/p>\n<h5 data-fontsize=\"20\" style=\"--fontSize: 20; line-height: 1.2; --minFontSize: 20;\" data-lineheight=\"24px\" class=\"fusion-responsive-typography-calculated\"><strong><span style=\"color: #ff0000;\">+<\/span> \u00bfPodr\u00edas hablarnos de alg\u00fan caso en el que hayas trabajado con TINO Natural Stone?<\/strong><\/h5>\n<p>Claro, en las villas que estamos construyendo en Sierra blanca y La Cerquilla, las hemos proyectado en muros de doble altura, que saliendo del agua abren hacia las plantas abiertas de las zonas de ocio, estudiando la continuidad de sus vetas. Va a ser un espect\u00e1culo.<\/p>\n<h5 data-fontsize=\"20\" style=\"--fontSize: 20; line-height: 1.2; --minFontSize: 20;\" data-lineheight=\"24px\" class=\"fusion-responsive-typography-calculated\"><strong><span style=\"color: #ff0000;\">+<\/span> \u00bfCu\u00e1l es la raz\u00f3n por la que has empleado piedra natural en algunos de tus trabajos?<\/strong><\/h5>\n<p>SENTIR.<\/p>\n<h5 data-fontsize=\"20\" style=\"--fontSize: 20; line-height: 1.2; --minFontSize: 20;\" data-lineheight=\"24px\" class=\"fusion-responsive-typography-calculated\"><strong><span style=\"color: #ff0000;\">+<\/span> \u00bfPor qu\u00e9 escogiste TINO?<\/strong><\/h5>\n<p>Me aporta la variedad, calidad y asesoramiento profesional, que seamos sinceros, nos hace esta vida de arquitecto mucho mas f\u00e1cil.<\/p>\n<\/div><\/div><\/div><\/div><\/div>\n","protected":false},"excerpt":{"rendered":"","protected":false},"author":14,"featured_media":11032,"comment_status":"open","ping_status":"open","sticky":false,"template":"","format":"standard","meta":{"_acf_changed":false,"footnotes":""},"categories":[412],"tags":[],"class_list":["post-11022","post","type-post","status-publish","format-standard","has-post-thumbnail","hentry","category-valor-anadido"],"acf":[],"yoast_head":"<!-- This site is optimized with the Yoast SEO plugin v27.5 - https:\/\/yoast.com\/product\/yoast-seo-wordpress\/ -->\n<title>Entrevista al arquitecto Ismael M\u00e9rida | TINO Natural Stone<\/title>\n<meta name=\"description\" content=\"El estudio de arquitectura Ismael M\u00e9rida Arquitectos fue creado en 1.996 por Ismael M\u00e9rida y tiene su sede en Marbella. Hoy hablamos con su fundador.\" \/>\n<meta name=\"robots\" content=\"index, follow, max-snippet:-1, max-image-preview:large, max-video-preview:-1\" \/>\n<link rel=\"canonical\" href=\"https:\/\/www.dev.beonitdesign.com\/es\/entrevista-al-arquitecto-ismael-merida\/\" \/>\n<meta property=\"og:locale\" content=\"es_ES\" \/>\n<meta property=\"og:type\" content=\"article\" \/>\n<meta property=\"og:title\" content=\"Entrevista al arquitecto Ismael M\u00e9rida | TINO Natural Stone\" \/>\n<meta property=\"og:description\" content=\"El estudio de arquitectura Ismael M\u00e9rida Arquitectos fue creado en 1.996 por Ismael M\u00e9rida y tiene su sede en Marbella. Hoy hablamos con su fundador.\" \/>\n<meta property=\"og:url\" content=\"https:\/\/www.dev.beonitdesign.com\/es\/entrevista-al-arquitecto-ismael-merida\/\" \/>\n<meta property=\"og:site_name\" content=\"TINO\" \/>\n<meta property=\"article:publisher\" content=\"https:\/\/www.facebook.com\/tinonaturalstone\/?ref=bookmarks\" \/>\n<meta property=\"article:published_time\" content=\"2019-05-19T14:28:36+00:00\" \/>\n<meta property=\"article:modified_time\" content=\"2023-12-18T11:52:39+00:00\" \/>\n<meta property=\"og:image\" content=\"https:\/\/www.dev.beonitdesign.com\/wp-content\/uploads\/2019\/05\/Ismael_Merida_rotulo.jpg\" \/>\n\t<meta property=\"og:image:width\" content=\"1000\" \/>\n\t<meta property=\"og:image:height\" content=\"573\" \/>\n\t<meta property=\"og:image:type\" content=\"image\/jpeg\" \/>\n<meta name=\"author\" content=\"Sonia Larrotcha\" \/>\n<meta name=\"twitter:card\" content=\"summary_large_image\" \/>\n<meta name=\"twitter:creator\" content=\"@tinostone_\" \/>\n<meta name=\"twitter:site\" content=\"@tinostone_\" \/>\n<meta name=\"twitter:label1\" content=\"Escrito por\" \/>\n\t<meta name=\"twitter:data1\" content=\"Sonia Larrotcha\" \/>\n\t<meta name=\"twitter:label2\" content=\"Tiempo de lectura\" \/>\n\t<meta name=\"twitter:data2\" content=\"4 minutos\" \/>\n<script type=\"application\/ld+json\" class=\"yoast-schema-graph\">{\"@context\":\"https:\\\/\\\/schema.org\",\"@graph\":[{\"@type\":\"Article\",\"@id\":\"https:\\\/\\\/www.dev.beonitdesign.com\\\/es\\\/entrevista-al-arquitecto-ismael-merida\\\/#article\",\"isPartOf\":{\"@id\":\"https:\\\/\\\/www.dev.beonitdesign.com\\\/es\\\/entrevista-al-arquitecto-ismael-merida\\\/\"},\"author\":{\"name\":\"Sonia Larrotcha\",\"@id\":\"https:\\\/\\\/tinostone.com\\\/#\\\/schema\\\/person\\\/9f8804da68306a7fe79c94995fa79fb3\"},\"headline\":\"Entrevista al arquitecto Ismael M\u00e9rida\",\"datePublished\":\"2019-05-19T14:28:36+00:00\",\"dateModified\":\"2023-12-18T11:52:39+00:00\",\"mainEntityOfPage\":{\"@id\":\"https:\\\/\\\/www.dev.beonitdesign.com\\\/es\\\/entrevista-al-arquitecto-ismael-merida\\\/\"},\"wordCount\":813,\"commentCount\":0,\"image\":{\"@id\":\"https:\\\/\\\/www.dev.beonitdesign.com\\\/es\\\/entrevista-al-arquitecto-ismael-merida\\\/#primaryimage\"},\"thumbnailUrl\":\"https:\\\/\\\/tinostone.com\\\/wp-content\\\/uploads\\\/2019\\\/05\\\/Ismael_Merida_rotulo.jpg\",\"articleSection\":[\"Valor a\u00f1adido\"],\"inLanguage\":\"es\",\"potentialAction\":[{\"@type\":\"CommentAction\",\"name\":\"Comment\",\"target\":[\"https:\\\/\\\/www.dev.beonitdesign.com\\\/es\\\/entrevista-al-arquitecto-ismael-merida\\\/#respond\"]}]},{\"@type\":\"WebPage\",\"@id\":\"https:\\\/\\\/www.dev.beonitdesign.com\\\/es\\\/entrevista-al-arquitecto-ismael-merida\\\/\",\"url\":\"https:\\\/\\\/www.dev.beonitdesign.com\\\/es\\\/entrevista-al-arquitecto-ismael-merida\\\/\",\"name\":\"Entrevista al arquitecto Ismael M\u00e9rida | TINO Natural Stone\",\"isPartOf\":{\"@id\":\"https:\\\/\\\/tinostone.com\\\/#website\"},\"primaryImageOfPage\":{\"@id\":\"https:\\\/\\\/www.dev.beonitdesign.com\\\/es\\\/entrevista-al-arquitecto-ismael-merida\\\/#primaryimage\"},\"image\":{\"@id\":\"https:\\\/\\\/www.dev.beonitdesign.com\\\/es\\\/entrevista-al-arquitecto-ismael-merida\\\/#primaryimage\"},\"thumbnailUrl\":\"https:\\\/\\\/tinostone.com\\\/wp-content\\\/uploads\\\/2019\\\/05\\\/Ismael_Merida_rotulo.jpg\",\"datePublished\":\"2019-05-19T14:28:36+00:00\",\"dateModified\":\"2023-12-18T11:52:39+00:00\",\"author\":{\"@id\":\"https:\\\/\\\/tinostone.com\\\/#\\\/schema\\\/person\\\/9f8804da68306a7fe79c94995fa79fb3\"},\"description\":\"El estudio de arquitectura Ismael M\u00e9rida Arquitectos fue creado en 1.996 por Ismael M\u00e9rida y tiene su sede en Marbella. Hoy hablamos con su fundador.\",\"inLanguage\":\"es\",\"potentialAction\":[{\"@type\":\"ReadAction\",\"target\":[\"https:\\\/\\\/www.dev.beonitdesign.com\\\/es\\\/entrevista-al-arquitecto-ismael-merida\\\/\"]}]},{\"@type\":\"ImageObject\",\"inLanguage\":\"es\",\"@id\":\"https:\\\/\\\/www.dev.beonitdesign.com\\\/es\\\/entrevista-al-arquitecto-ismael-merida\\\/#primaryimage\",\"url\":\"https:\\\/\\\/tinostone.com\\\/wp-content\\\/uploads\\\/2019\\\/05\\\/Ismael_Merida_rotulo.jpg\",\"contentUrl\":\"https:\\\/\\\/tinostone.com\\\/wp-content\\\/uploads\\\/2019\\\/05\\\/Ismael_Merida_rotulo.jpg\",\"width\":1000,\"height\":573,\"caption\":\"Ismael M\u00e9rida - Arquitecto\"},{\"@type\":\"WebSite\",\"@id\":\"https:\\\/\\\/tinostone.com\\\/#website\",\"url\":\"https:\\\/\\\/tinostone.com\\\/\",\"name\":\"TINO\",\"description\":\"Natural Stone\",\"potentialAction\":[{\"@type\":\"SearchAction\",\"target\":{\"@type\":\"EntryPoint\",\"urlTemplate\":\"https:\\\/\\\/tinostone.com\\\/?s={search_term_string}\"},\"query-input\":{\"@type\":\"PropertyValueSpecification\",\"valueRequired\":true,\"valueName\":\"search_term_string\"}}],\"inLanguage\":\"es\"},{\"@type\":\"Person\",\"@id\":\"https:\\\/\\\/tinostone.com\\\/#\\\/schema\\\/person\\\/9f8804da68306a7fe79c94995fa79fb3\",\"name\":\"Sonia Larrotcha\",\"image\":{\"@type\":\"ImageObject\",\"inLanguage\":\"es\",\"@id\":\"https:\\\/\\\/secure.gravatar.com\\\/avatar\\\/ac5fe4be49dd170cba3db786aac566a26e73ba4ff7bf7d8c455b3f87a242f5d8?s=96&d=mm&r=g\",\"url\":\"https:\\\/\\\/secure.gravatar.com\\\/avatar\\\/ac5fe4be49dd170cba3db786aac566a26e73ba4ff7bf7d8c455b3f87a242f5d8?s=96&d=mm&r=g\",\"contentUrl\":\"https:\\\/\\\/secure.gravatar.com\\\/avatar\\\/ac5fe4be49dd170cba3db786aac566a26e73ba4ff7bf7d8c455b3f87a242f5d8?s=96&d=mm&r=g\",\"caption\":\"Sonia Larrotcha\"},\"sameAs\":[\"https:\\\/\\\/www.tino.es\"],\"url\":\"https:\\\/\\\/tinostone.com\\\/es\\\/author\\\/tinomkt\\\/\"}]}<\/script>\n<!-- \/ Yoast SEO plugin. -->","yoast_head_json":{"title":"Entrevista al arquitecto Ismael M\u00e9rida | TINO Natural Stone","description":"El estudio de arquitectura Ismael M\u00e9rida Arquitectos fue creado en 1.996 por Ismael M\u00e9rida y tiene su sede en Marbella. Hoy hablamos con su fundador.","robots":{"index":"index","follow":"follow","max-snippet":"max-snippet:-1","max-image-preview":"max-image-preview:large","max-video-preview":"max-video-preview:-1"},"canonical":"https:\/\/www.dev.beonitdesign.com\/es\/entrevista-al-arquitecto-ismael-merida\/","og_locale":"es_ES","og_type":"article","og_title":"Entrevista al arquitecto Ismael M\u00e9rida | TINO Natural Stone","og_description":"El estudio de arquitectura Ismael M\u00e9rida Arquitectos fue creado en 1.996 por Ismael M\u00e9rida y tiene su sede en Marbella. Hoy hablamos con su fundador.","og_url":"https:\/\/www.dev.beonitdesign.com\/es\/entrevista-al-arquitecto-ismael-merida\/","og_site_name":"TINO","article_publisher":"https:\/\/www.facebook.com\/tinonaturalstone\/?ref=bookmarks","article_published_time":"2019-05-19T14:28:36+00:00","article_modified_time":"2023-12-18T11:52:39+00:00","og_image":[{"width":1000,"height":573,"url":"https:\/\/www.dev.beonitdesign.com\/wp-content\/uploads\/2019\/05\/Ismael_Merida_rotulo.jpg","type":"image\/jpeg"}],"author":"Sonia Larrotcha","twitter_card":"summary_large_image","twitter_creator":"@tinostone_","twitter_site":"@tinostone_","twitter_misc":{"Escrito por":"Sonia Larrotcha","Tiempo de lectura":"4 minutos"},"schema":{"@context":"https:\/\/schema.org","@graph":[{"@type":"Article","@id":"https:\/\/www.dev.beonitdesign.com\/es\/entrevista-al-arquitecto-ismael-merida\/#article","isPartOf":{"@id":"https:\/\/www.dev.beonitdesign.com\/es\/entrevista-al-arquitecto-ismael-merida\/"},"author":{"name":"Sonia Larrotcha","@id":"https:\/\/tinostone.com\/#\/schema\/person\/9f8804da68306a7fe79c94995fa79fb3"},"headline":"Entrevista al arquitecto Ismael M\u00e9rida","datePublished":"2019-05-19T14:28:36+00:00","dateModified":"2023-12-18T11:52:39+00:00","mainEntityOfPage":{"@id":"https:\/\/www.dev.beonitdesign.com\/es\/entrevista-al-arquitecto-ismael-merida\/"},"wordCount":813,"commentCount":0,"image":{"@id":"https:\/\/www.dev.beonitdesign.com\/es\/entrevista-al-arquitecto-ismael-merida\/#primaryimage"},"thumbnailUrl":"https:\/\/tinostone.com\/wp-content\/uploads\/2019\/05\/Ismael_Merida_rotulo.jpg","articleSection":["Valor a\u00f1adido"],"inLanguage":"es","potentialAction":[{"@type":"CommentAction","name":"Comment","target":["https:\/\/www.dev.beonitdesign.com\/es\/entrevista-al-arquitecto-ismael-merida\/#respond"]}]},{"@type":"WebPage","@id":"https:\/\/www.dev.beonitdesign.com\/es\/entrevista-al-arquitecto-ismael-merida\/","url":"https:\/\/www.dev.beonitdesign.com\/es\/entrevista-al-arquitecto-ismael-merida\/","name":"Entrevista al arquitecto Ismael M\u00e9rida | TINO Natural Stone","isPartOf":{"@id":"https:\/\/tinostone.com\/#website"},"primaryImageOfPage":{"@id":"https:\/\/www.dev.beonitdesign.com\/es\/entrevista-al-arquitecto-ismael-merida\/#primaryimage"},"image":{"@id":"https:\/\/www.dev.beonitdesign.com\/es\/entrevista-al-arquitecto-ismael-merida\/#primaryimage"},"thumbnailUrl":"https:\/\/tinostone.com\/wp-content\/uploads\/2019\/05\/Ismael_Merida_rotulo.jpg","datePublished":"2019-05-19T14:28:36+00:00","dateModified":"2023-12-18T11:52:39+00:00","author":{"@id":"https:\/\/tinostone.com\/#\/schema\/person\/9f8804da68306a7fe79c94995fa79fb3"},"description":"El estudio de arquitectura Ismael M\u00e9rida Arquitectos fue creado en 1.996 por Ismael M\u00e9rida y tiene su sede en Marbella. Hoy hablamos con su fundador.","inLanguage":"es","potentialAction":[{"@type":"ReadAction","target":["https:\/\/www.dev.beonitdesign.com\/es\/entrevista-al-arquitecto-ismael-merida\/"]}]},{"@type":"ImageObject","inLanguage":"es","@id":"https:\/\/www.dev.beonitdesign.com\/es\/entrevista-al-arquitecto-ismael-merida\/#primaryimage","url":"https:\/\/tinostone.com\/wp-content\/uploads\/2019\/05\/Ismael_Merida_rotulo.jpg","contentUrl":"https:\/\/tinostone.com\/wp-content\/uploads\/2019\/05\/Ismael_Merida_rotulo.jpg","width":1000,"height":573,"caption":"Ismael M\u00e9rida - Arquitecto"},{"@type":"WebSite","@id":"https:\/\/tinostone.com\/#website","url":"https:\/\/tinostone.com\/","name":"TINO","description":"Natural Stone","potentialAction":[{"@type":"SearchAction","target":{"@type":"EntryPoint","urlTemplate":"https:\/\/tinostone.com\/?s={search_term_string}"},"query-input":{"@type":"PropertyValueSpecification","valueRequired":true,"valueName":"search_term_string"}}],"inLanguage":"es"},{"@type":"Person","@id":"https:\/\/tinostone.com\/#\/schema\/person\/9f8804da68306a7fe79c94995fa79fb3","name":"Sonia Larrotcha","image":{"@type":"ImageObject","inLanguage":"es","@id":"https:\/\/secure.gravatar.com\/avatar\/ac5fe4be49dd170cba3db786aac566a26e73ba4ff7bf7d8c455b3f87a242f5d8?s=96&d=mm&r=g","url":"https:\/\/secure.gravatar.com\/avatar\/ac5fe4be49dd170cba3db786aac566a26e73ba4ff7bf7d8c455b3f87a242f5d8?s=96&d=mm&r=g","contentUrl":"https:\/\/secure.gravatar.com\/avatar\/ac5fe4be49dd170cba3db786aac566a26e73ba4ff7bf7d8c455b3f87a242f5d8?s=96&d=mm&r=g","caption":"Sonia Larrotcha"},"sameAs":["https:\/\/www.tino.es"],"url":"https:\/\/tinostone.com\/es\/author\/tinomkt\/"}]}},"_links":{"self":[{"href":"https:\/\/tinostone.com\/es\/wp-json\/wp\/v2\/posts\/11022","targetHints":{"allow":["GET"]}}],"collection":[{"href":"https:\/\/tinostone.com\/es\/wp-json\/wp\/v2\/posts"}],"about":[{"href":"https:\/\/tinostone.com\/es\/wp-json\/wp\/v2\/types\/post"}],"author":[{"embeddable":true,"href":"https:\/\/tinostone.com\/es\/wp-json\/wp\/v2\/users\/14"}],"replies":[{"embeddable":true,"href":"https:\/\/tinostone.com\/es\/wp-json\/wp\/v2\/comments?post=11022"}],"version-history":[{"count":0,"href":"https:\/\/tinostone.com\/es\/wp-json\/wp\/v2\/posts\/11022\/revisions"}],"wp:featuredmedia":[{"embeddable":true,"href":"https:\/\/tinostone.com\/es\/wp-json\/wp\/v2\/media\/11032"}],"wp:attachment":[{"href":"https:\/\/tinostone.com\/es\/wp-json\/wp\/v2\/media?parent=11022"}],"wp:term":[{"taxonomy":"category","embeddable":true,"href":"https:\/\/tinostone.com\/es\/wp-json\/wp\/v2\/categories?post=11022"},{"taxonomy":"post_tag","embeddable":true,"href":"https:\/\/tinostone.com\/es\/wp-json\/wp\/v2\/tags?post=11022"}],"curies":[{"name":"wp","href":"https:\/\/api.w.org\/{rel}","templated":true}]}}