{"id":16760,"date":"2023-11-17T12:04:29","date_gmt":"2023-11-17T12:04:29","guid":{"rendered":"https:\/\/tinostone.com\/?p=16760"},"modified":"2023-12-17T12:32:01","modified_gmt":"2023-12-17T12:32:01","slug":"pedro-pena-interior-design-premios-macael","status":"publish","type":"post","link":"https:\/\/tinostone.com\/es\/pedro-pena-interior-design-premios-macael\/","title":{"rendered":"Pedro Pe\u00f1a Interior Design: Excelencia reconocida en los Premios Macael"},"content":{"rendered":"<div class=\"fusion-fullwidth fullwidth-box fusion-builder-row-1 fusion-flex-container nonhundred-percent-fullwidth non-hundred-percent-height-scrolling\" style=\"--awb-border-radius-top-left:0px;--awb-border-radius-top-right:0px;--awb-border-radius-bottom-right:0px;--awb-border-radius-bottom-left:0px;--awb-flex-wrap:wrap;\" ><div class=\"fusion-builder-row fusion-row fusion-flex-align-items-flex-start fusion-flex-content-wrap\" style=\"max-width:1248px;margin-left: calc(-4% \/ 2 );margin-right: calc(-4% \/ 2 );\"><div class=\"fusion-layout-column fusion_builder_column fusion-builder-column-0 fusion_builder_column_1_1 1_1 fusion-flex-column\" style=\"--awb-bg-size:cover;--awb-width-large:100%;--awb-margin-top-large:0px;--awb-spacing-right-large:1.92%;--awb-margin-bottom-large:0px;--awb-spacing-left-large:1.92%;--awb-width-medium:100%;--awb-spacing-right-medium:1.92%;--awb-spacing-left-medium:1.92%;--awb-width-small:100%;--awb-spacing-right-small:1.92%;--awb-spacing-left-small:1.92%;\"><div class=\"fusion-column-wrapper fusion-flex-justify-content-flex-start fusion-content-layout-column\"><div class=\"fusion-text fusion-text-1\"><p>El jurado de los prestigiosos <a href=\"https:\/\/premiosmacael.com\/\">Premios Macael<\/a> ha distinguido con el Galard\u00f3n a la Excelencia a D. Pedro Pe\u00f1a, el renombrado dise\u00f1ador de interiores cuya destacada trayectoria ha dejado una huella imborrable en los \u00e1mbitos de arquitectura, artesan\u00eda y dise\u00f1o. Este reconocimiento se ha otorgado en virtud de su significativa contribuci\u00f3n a la industria, marcada por una firme apuesta por la piedra natural, la cual ha sido la esencia distintiva de sus proyectos a lo largo de m\u00e1s de cuarenta a\u00f1os de experiencia.<\/p>\n<p>Pedro Pe\u00f1a se erige como un referente de exclusividad, innovaci\u00f3n y excelencia en el dise\u00f1o, siendo su nombre sin\u00f3nimo de calidad y refinamiento. Su estudio, con una amplia cartera de proyectos notables, tanto a nivel nacional como internacional, refleja su compromiso inquebrantable con la calidad y la sostenibilidad en cada una de sus creaciones. Su enfoque meticuloso y su pasi\u00f3n por el dise\u00f1o han sido fundamentales para consolidar su posici\u00f3n como un l\u00edder indiscutible en el \u00e1mbito del dise\u00f1o de interiores.<\/p>\n<p><img decoding=\"async\" class=\"alignnone size-full wp-image-16756\" src=\"https:\/\/tinostone.com\/wp-content\/uploads\/2023\/11\/galardonados_premios_macael.jpg\" alt=\"Ga\" width=\"1000\" height=\"667\" srcset=\"https:\/\/tinostone.com\/wp-content\/uploads\/2023\/11\/galardonados_premios_macael-300x200.jpg 300w, https:\/\/tinostone.com\/wp-content\/uploads\/2023\/11\/galardonados_premios_macael-768x512.jpg 768w, https:\/\/tinostone.com\/wp-content\/uploads\/2023\/11\/galardonados_premios_macael.jpg 1000w\" sizes=\"(max-width: 1000px) 100vw, 1000px\" \/><\/p>\n<p>Con m\u00e1s de cuatro d\u00e9cadas de experiencia, <a href=\"https:\/\/pedropena.com\/\">Pedro Pe\u00f1a<\/a> ha demostrado no solo un dominio excepcional en su campo, sino tambi\u00e9n un compromiso constante con la innovaci\u00f3n y la excelencia. Su enfoque visionario ha influido positivamente en la evoluci\u00f3n de la arquitectura y el dise\u00f1o, y su dedicaci\u00f3n a la piedra natural como material fundamental en sus proyectos ha contribuido a resaltar la belleza y la autenticidad en cada uno de ellos.<\/p>\n<p>TINO Natural Stone se enorgullece de colaborar estrechamente con un dise\u00f1ador de la talla de Pedro Pe\u00f1a, cuyo talento y visi\u00f3n han dejado una marca perdurable en la industria del dise\u00f1o de interiores. Esta asociaci\u00f3n refleja el compromiso compartido de ambas partes con la excelencia, la calidad y la promoci\u00f3n de la belleza natural a trav\u00e9s de la piedra en proyectos que trascienden fronteras. Para TINO Natural Stone, es un placer ser part\u00edcipe de esta colaboraci\u00f3n que fusiona la maestr\u00eda de Pedro Pe\u00f1a con la autenticidad y la elegancia que caracterizan a nuestros trabajos de piedra natural.<\/p>\n<\/div><\/div><\/div><\/div><\/div>\n","protected":false},"excerpt":{"rendered":"","protected":false},"author":14,"featured_media":16758,"comment_status":"closed","ping_status":"closed","sticky":false,"template":"","format":"standard","meta":{"_acf_changed":false,"footnotes":""},"categories":[412],"tags":[],"class_list":["post-16760","post","type-post","status-publish","format-standard","has-post-thumbnail","hentry","category-valor-anadido"],"acf":[],"yoast_head":"<!-- This site is optimized with the Yoast SEO plugin v27.5 - https:\/\/yoast.com\/product\/yoast-seo-wordpress\/ -->\n<title>Pedro Pe\u00f1a Interior Design: excelencia reconocida en los Premios Macael<\/title>\n<meta name=\"description\" content=\"El jurado de los prestigiosos Premios Macael ha distinguido con el Galard\u00f3n a la Excelencia a D. Pedro Pe\u00f1a, un renombrado dise\u00f1ador de interiores\" \/>\n<meta name=\"robots\" content=\"index, follow, max-snippet:-1, max-image-preview:large, max-video-preview:-1\" \/>\n<link rel=\"canonical\" href=\"https:\/\/www.dev.beonitdesign.com\/es\/pedro-pena-interior-design-premios-macael\/\" \/>\n<meta property=\"og:locale\" content=\"es_ES\" \/>\n<meta property=\"og:type\" content=\"article\" \/>\n<meta property=\"og:title\" content=\"Pedro Pe\u00f1a Interior Design: excelencia reconocida en los Premios Macael\" \/>\n<meta property=\"og:description\" content=\"El jurado de los prestigiosos Premios Macael ha distinguido con el Galard\u00f3n a la Excelencia a D. Pedro Pe\u00f1a, un renombrado dise\u00f1ador de interiores\" \/>\n<meta property=\"og:url\" content=\"https:\/\/www.dev.beonitdesign.com\/es\/pedro-pena-interior-design-premios-macael\/\" \/>\n<meta property=\"og:site_name\" content=\"TINO\" \/>\n<meta property=\"article:publisher\" content=\"https:\/\/www.facebook.com\/tinonaturalstone\/?ref=bookmarks\" \/>\n<meta property=\"article:published_time\" content=\"2023-11-17T12:04:29+00:00\" \/>\n<meta property=\"article:modified_time\" content=\"2023-12-17T12:32:01+00:00\" \/>\n<meta property=\"og:image\" content=\"https:\/\/www.dev.beonitdesign.com\/wp-content\/uploads\/2023\/11\/predro_pena_premios_macael.jpg\" \/>\n\t<meta property=\"og:image:width\" content=\"1000\" \/>\n\t<meta property=\"og:image:height\" content=\"667\" \/>\n\t<meta property=\"og:image:type\" content=\"image\/jpeg\" \/>\n<meta name=\"author\" content=\"Sonia Larrotcha\" \/>\n<meta name=\"twitter:card\" content=\"summary_large_image\" \/>\n<meta name=\"twitter:creator\" content=\"@tinostone_\" \/>\n<meta name=\"twitter:site\" content=\"@tinostone_\" \/>\n<meta name=\"twitter:label1\" content=\"Escrito por\" \/>\n\t<meta name=\"twitter:data1\" content=\"Sonia Larrotcha\" \/>\n\t<meta name=\"twitter:label2\" content=\"Tiempo de lectura\" \/>\n\t<meta name=\"twitter:data2\" content=\"2 minutos\" \/>\n<script type=\"application\/ld+json\" class=\"yoast-schema-graph\">{\"@context\":\"https:\\\/\\\/schema.org\",\"@graph\":[{\"@type\":\"Article\",\"@id\":\"https:\\\/\\\/www.dev.beonitdesign.com\\\/es\\\/pedro-pena-interior-design-premios-macael\\\/#article\",\"isPartOf\":{\"@id\":\"https:\\\/\\\/www.dev.beonitdesign.com\\\/es\\\/pedro-pena-interior-design-premios-macael\\\/\"},\"author\":{\"name\":\"Sonia Larrotcha\",\"@id\":\"https:\\\/\\\/tinostone.com\\\/#\\\/schema\\\/person\\\/9f8804da68306a7fe79c94995fa79fb3\"},\"headline\":\"Pedro Pe\u00f1a Interior Design: Excelencia reconocida en los Premios Macael\",\"datePublished\":\"2023-11-17T12:04:29+00:00\",\"dateModified\":\"2023-12-17T12:32:01+00:00\",\"mainEntityOfPage\":{\"@id\":\"https:\\\/\\\/www.dev.beonitdesign.com\\\/es\\\/pedro-pena-interior-design-premios-macael\\\/\"},\"wordCount\":488,\"image\":{\"@id\":\"https:\\\/\\\/www.dev.beonitdesign.com\\\/es\\\/pedro-pena-interior-design-premios-macael\\\/#primaryimage\"},\"thumbnailUrl\":\"https:\\\/\\\/tinostone.com\\\/wp-content\\\/uploads\\\/2023\\\/11\\\/predro_pena_premios_macael.jpg\",\"articleSection\":[\"Valor a\u00f1adido\"],\"inLanguage\":\"es\"},{\"@type\":\"WebPage\",\"@id\":\"https:\\\/\\\/www.dev.beonitdesign.com\\\/es\\\/pedro-pena-interior-design-premios-macael\\\/\",\"url\":\"https:\\\/\\\/www.dev.beonitdesign.com\\\/es\\\/pedro-pena-interior-design-premios-macael\\\/\",\"name\":\"Pedro Pe\u00f1a Interior Design: excelencia reconocida en los Premios Macael\",\"isPartOf\":{\"@id\":\"https:\\\/\\\/tinostone.com\\\/#website\"},\"primaryImageOfPage\":{\"@id\":\"https:\\\/\\\/www.dev.beonitdesign.com\\\/es\\\/pedro-pena-interior-design-premios-macael\\\/#primaryimage\"},\"image\":{\"@id\":\"https:\\\/\\\/www.dev.beonitdesign.com\\\/es\\\/pedro-pena-interior-design-premios-macael\\\/#primaryimage\"},\"thumbnailUrl\":\"https:\\\/\\\/tinostone.com\\\/wp-content\\\/uploads\\\/2023\\\/11\\\/predro_pena_premios_macael.jpg\",\"datePublished\":\"2023-11-17T12:04:29+00:00\",\"dateModified\":\"2023-12-17T12:32:01+00:00\",\"author\":{\"@id\":\"https:\\\/\\\/tinostone.com\\\/#\\\/schema\\\/person\\\/9f8804da68306a7fe79c94995fa79fb3\"},\"description\":\"El jurado de los prestigiosos Premios Macael ha distinguido con el Galard\u00f3n a la Excelencia a D. Pedro Pe\u00f1a, un renombrado dise\u00f1ador de interiores\",\"inLanguage\":\"es\",\"potentialAction\":[{\"@type\":\"ReadAction\",\"target\":[\"https:\\\/\\\/www.dev.beonitdesign.com\\\/es\\\/pedro-pena-interior-design-premios-macael\\\/\"]}]},{\"@type\":\"ImageObject\",\"inLanguage\":\"es\",\"@id\":\"https:\\\/\\\/www.dev.beonitdesign.com\\\/es\\\/pedro-pena-interior-design-premios-macael\\\/#primaryimage\",\"url\":\"https:\\\/\\\/tinostone.com\\\/wp-content\\\/uploads\\\/2023\\\/11\\\/predro_pena_premios_macael.jpg\",\"contentUrl\":\"https:\\\/\\\/tinostone.com\\\/wp-content\\\/uploads\\\/2023\\\/11\\\/predro_pena_premios_macael.jpg\",\"width\":1000,\"height\":667,\"caption\":\"Pe\"},{\"@type\":\"WebSite\",\"@id\":\"https:\\\/\\\/tinostone.com\\\/#website\",\"url\":\"https:\\\/\\\/tinostone.com\\\/\",\"name\":\"TINO\",\"description\":\"Natural Stone\",\"potentialAction\":[{\"@type\":\"SearchAction\",\"target\":{\"@type\":\"EntryPoint\",\"urlTemplate\":\"https:\\\/\\\/tinostone.com\\\/?s={search_term_string}\"},\"query-input\":{\"@type\":\"PropertyValueSpecification\",\"valueRequired\":true,\"valueName\":\"search_term_string\"}}],\"inLanguage\":\"es\"},{\"@type\":\"Person\",\"@id\":\"https:\\\/\\\/tinostone.com\\\/#\\\/schema\\\/person\\\/9f8804da68306a7fe79c94995fa79fb3\",\"name\":\"Sonia Larrotcha\",\"image\":{\"@type\":\"ImageObject\",\"inLanguage\":\"es\",\"@id\":\"https:\\\/\\\/secure.gravatar.com\\\/avatar\\\/ac5fe4be49dd170cba3db786aac566a26e73ba4ff7bf7d8c455b3f87a242f5d8?s=96&d=mm&r=g\",\"url\":\"https:\\\/\\\/secure.gravatar.com\\\/avatar\\\/ac5fe4be49dd170cba3db786aac566a26e73ba4ff7bf7d8c455b3f87a242f5d8?s=96&d=mm&r=g\",\"contentUrl\":\"https:\\\/\\\/secure.gravatar.com\\\/avatar\\\/ac5fe4be49dd170cba3db786aac566a26e73ba4ff7bf7d8c455b3f87a242f5d8?s=96&d=mm&r=g\",\"caption\":\"Sonia Larrotcha\"},\"sameAs\":[\"https:\\\/\\\/www.tino.es\"],\"url\":\"https:\\\/\\\/tinostone.com\\\/es\\\/author\\\/tinomkt\\\/\"}]}<\/script>\n<!-- \/ Yoast SEO plugin. -->","yoast_head_json":{"title":"Pedro Pe\u00f1a Interior Design: excelencia reconocida en los Premios Macael","description":"El jurado de los prestigiosos Premios Macael ha distinguido con el Galard\u00f3n a la Excelencia a D. Pedro Pe\u00f1a, un renombrado dise\u00f1ador de interiores","robots":{"index":"index","follow":"follow","max-snippet":"max-snippet:-1","max-image-preview":"max-image-preview:large","max-video-preview":"max-video-preview:-1"},"canonical":"https:\/\/www.dev.beonitdesign.com\/es\/pedro-pena-interior-design-premios-macael\/","og_locale":"es_ES","og_type":"article","og_title":"Pedro Pe\u00f1a Interior Design: excelencia reconocida en los Premios Macael","og_description":"El jurado de los prestigiosos Premios Macael ha distinguido con el Galard\u00f3n a la Excelencia a D. Pedro Pe\u00f1a, un renombrado dise\u00f1ador de interiores","og_url":"https:\/\/www.dev.beonitdesign.com\/es\/pedro-pena-interior-design-premios-macael\/","og_site_name":"TINO","article_publisher":"https:\/\/www.facebook.com\/tinonaturalstone\/?ref=bookmarks","article_published_time":"2023-11-17T12:04:29+00:00","article_modified_time":"2023-12-17T12:32:01+00:00","og_image":[{"width":1000,"height":667,"url":"https:\/\/www.dev.beonitdesign.com\/wp-content\/uploads\/2023\/11\/predro_pena_premios_macael.jpg","type":"image\/jpeg"}],"author":"Sonia Larrotcha","twitter_card":"summary_large_image","twitter_creator":"@tinostone_","twitter_site":"@tinostone_","twitter_misc":{"Escrito por":"Sonia Larrotcha","Tiempo de lectura":"2 minutos"},"schema":{"@context":"https:\/\/schema.org","@graph":[{"@type":"Article","@id":"https:\/\/www.dev.beonitdesign.com\/es\/pedro-pena-interior-design-premios-macael\/#article","isPartOf":{"@id":"https:\/\/www.dev.beonitdesign.com\/es\/pedro-pena-interior-design-premios-macael\/"},"author":{"name":"Sonia Larrotcha","@id":"https:\/\/tinostone.com\/#\/schema\/person\/9f8804da68306a7fe79c94995fa79fb3"},"headline":"Pedro Pe\u00f1a Interior Design: Excelencia reconocida en los Premios Macael","datePublished":"2023-11-17T12:04:29+00:00","dateModified":"2023-12-17T12:32:01+00:00","mainEntityOfPage":{"@id":"https:\/\/www.dev.beonitdesign.com\/es\/pedro-pena-interior-design-premios-macael\/"},"wordCount":488,"image":{"@id":"https:\/\/www.dev.beonitdesign.com\/es\/pedro-pena-interior-design-premios-macael\/#primaryimage"},"thumbnailUrl":"https:\/\/tinostone.com\/wp-content\/uploads\/2023\/11\/predro_pena_premios_macael.jpg","articleSection":["Valor a\u00f1adido"],"inLanguage":"es"},{"@type":"WebPage","@id":"https:\/\/www.dev.beonitdesign.com\/es\/pedro-pena-interior-design-premios-macael\/","url":"https:\/\/www.dev.beonitdesign.com\/es\/pedro-pena-interior-design-premios-macael\/","name":"Pedro Pe\u00f1a Interior Design: excelencia reconocida en los Premios Macael","isPartOf":{"@id":"https:\/\/tinostone.com\/#website"},"primaryImageOfPage":{"@id":"https:\/\/www.dev.beonitdesign.com\/es\/pedro-pena-interior-design-premios-macael\/#primaryimage"},"image":{"@id":"https:\/\/www.dev.beonitdesign.com\/es\/pedro-pena-interior-design-premios-macael\/#primaryimage"},"thumbnailUrl":"https:\/\/tinostone.com\/wp-content\/uploads\/2023\/11\/predro_pena_premios_macael.jpg","datePublished":"2023-11-17T12:04:29+00:00","dateModified":"2023-12-17T12:32:01+00:00","author":{"@id":"https:\/\/tinostone.com\/#\/schema\/person\/9f8804da68306a7fe79c94995fa79fb3"},"description":"El jurado de los prestigiosos Premios Macael ha distinguido con el Galard\u00f3n a la Excelencia a D. Pedro Pe\u00f1a, un renombrado dise\u00f1ador de interiores","inLanguage":"es","potentialAction":[{"@type":"ReadAction","target":["https:\/\/www.dev.beonitdesign.com\/es\/pedro-pena-interior-design-premios-macael\/"]}]},{"@type":"ImageObject","inLanguage":"es","@id":"https:\/\/www.dev.beonitdesign.com\/es\/pedro-pena-interior-design-premios-macael\/#primaryimage","url":"https:\/\/tinostone.com\/wp-content\/uploads\/2023\/11\/predro_pena_premios_macael.jpg","contentUrl":"https:\/\/tinostone.com\/wp-content\/uploads\/2023\/11\/predro_pena_premios_macael.jpg","width":1000,"height":667,"caption":"Pe"},{"@type":"WebSite","@id":"https:\/\/tinostone.com\/#website","url":"https:\/\/tinostone.com\/","name":"TINO","description":"Natural Stone","potentialAction":[{"@type":"SearchAction","target":{"@type":"EntryPoint","urlTemplate":"https:\/\/tinostone.com\/?s={search_term_string}"},"query-input":{"@type":"PropertyValueSpecification","valueRequired":true,"valueName":"search_term_string"}}],"inLanguage":"es"},{"@type":"Person","@id":"https:\/\/tinostone.com\/#\/schema\/person\/9f8804da68306a7fe79c94995fa79fb3","name":"Sonia Larrotcha","image":{"@type":"ImageObject","inLanguage":"es","@id":"https:\/\/secure.gravatar.com\/avatar\/ac5fe4be49dd170cba3db786aac566a26e73ba4ff7bf7d8c455b3f87a242f5d8?s=96&d=mm&r=g","url":"https:\/\/secure.gravatar.com\/avatar\/ac5fe4be49dd170cba3db786aac566a26e73ba4ff7bf7d8c455b3f87a242f5d8?s=96&d=mm&r=g","contentUrl":"https:\/\/secure.gravatar.com\/avatar\/ac5fe4be49dd170cba3db786aac566a26e73ba4ff7bf7d8c455b3f87a242f5d8?s=96&d=mm&r=g","caption":"Sonia Larrotcha"},"sameAs":["https:\/\/www.tino.es"],"url":"https:\/\/tinostone.com\/es\/author\/tinomkt\/"}]}},"_links":{"self":[{"href":"https:\/\/tinostone.com\/es\/wp-json\/wp\/v2\/posts\/16760","targetHints":{"allow":["GET"]}}],"collection":[{"href":"https:\/\/tinostone.com\/es\/wp-json\/wp\/v2\/posts"}],"about":[{"href":"https:\/\/tinostone.com\/es\/wp-json\/wp\/v2\/types\/post"}],"author":[{"embeddable":true,"href":"https:\/\/tinostone.com\/es\/wp-json\/wp\/v2\/users\/14"}],"replies":[{"embeddable":true,"href":"https:\/\/tinostone.com\/es\/wp-json\/wp\/v2\/comments?post=16760"}],"version-history":[{"count":0,"href":"https:\/\/tinostone.com\/es\/wp-json\/wp\/v2\/posts\/16760\/revisions"}],"wp:featuredmedia":[{"embeddable":true,"href":"https:\/\/tinostone.com\/es\/wp-json\/wp\/v2\/media\/16758"}],"wp:attachment":[{"href":"https:\/\/tinostone.com\/es\/wp-json\/wp\/v2\/media?parent=16760"}],"wp:term":[{"taxonomy":"category","embeddable":true,"href":"https:\/\/tinostone.com\/es\/wp-json\/wp\/v2\/categories?post=16760"},{"taxonomy":"post_tag","embeddable":true,"href":"https:\/\/tinostone.com\/es\/wp-json\/wp\/v2\/tags?post=16760"}],"curies":[{"name":"wp","href":"https:\/\/api.w.org\/{rel}","templated":true}]}}